{"id":51,"date":"2019-12-01T13:37:08","date_gmt":"2019-12-01T13:37:08","guid":{"rendered":"https:\/\/revoltcomic.com\/?p=51"},"modified":"2023-06-04T12:41:35","modified_gmt":"2023-06-04T12:41:35","slug":"el-origen-del-fanzine-la-asamblea-del-comic-constituyente","status":"publish","type":"post","link":"https:\/\/revoltcomic.com\/index.php\/2019\/12\/01\/el-origen-del-fanzine-la-asamblea-del-comic-constituyente\/","title":{"rendered":"El origen del Fanzine \u00abLa Asamblea del C\u00f3mic Constituyente\u00bb"},"content":{"rendered":"<p>A partir del estallido social del 18 \u2013 O en el a\u00f1o 2019 se genera la instancia creativa de un Taller de C\u00f3mic con aires de colectivo art\u00edstico y en el cual participaron estudiantes de las carreras de Dise\u00f1o en Comunicaci\u00f3n Visual y Dise\u00f1o Industrial de la Universidad Tecnol\u00f3gica Metropolitana UTEM. El objetivo general del proyecto era crear una publicaci\u00f3n del tipo fanzine de c\u00f3mic o revista de bajo presupuesto para expresar la interioridad de los artistas del guion y gr\u00e1fica frente a la contingencia del 18-O mediante el an\u00e1lisis de la realidad sociocultural y econ\u00f3mica del pa\u00eds. Es interesante el c\u00f3mo las condiciones para la justicia social y sus seis pasos representativos se ven reflejados en el quehacer para llevar a cabo la publicaci\u00f3n.<\/p>\n<p>Vinculaci\u00f3n de Injusticia Social con pasos de GICE<\/p>\n<p><u><b><i>1.- Favorecer el autoconocimiento y la autoestima.<\/i><\/b><\/u><\/p>\n<p>El debate en la contingencia frente al 18-O permiti\u00f3 a los estudiantes participar de las charlas, actividades y la creaci\u00f3n de la revista final, lo cual les dio la posibilidad de conocerse a s\u00ed mismos y expresar su interioridad ante la realidad del estallido social mediante el arte del c\u00f3mic en su desarrollo argumental y gr\u00e1fico. La comprensi\u00f3n de la realidad y el trabajo de autoconciencia permitieron entender su posici\u00f3n en la historia, comprendieron que pueden ser agentes de cambio comunicacional y expresivo lo cual les permite reforzar su vocaci\u00f3n como dise\u00f1adores y comunicaciones audiovisuales. En su edad es natural querer realizar cambios en base a sus posibilidades pues para ellos es necesario el aporte y potencial mejora a la sociedad en funci\u00f3n de la justicia social.<\/p>\n<p><u><b><i>2.- Favorecer el respeto por los otros\/as. Deconstruir estereotipos. Empat\u00eda cultural.<\/i><\/b><\/u><\/p>\n<p>Las reuniones situaron a los estudiantes en el conocimiento mutuo, permitieron el di\u00e1logo y el debate frente a la contingencia del estallido social. Lo anterior origina el respeto y la empat\u00eda en la actividad creativa durante el proceso de producci\u00f3n. El compromiso fue fundamental y se bas\u00f3 en el trabajo de arte y dise\u00f1o y en la calidad de las relaciones humanas, las cuales deconstruyeron las im\u00e1genes preestablecidas entre compa\u00f1eros abriendo realidades y conectando con elementos en com\u00fan y mediante el trabajo colaborativo.<\/p>\n<p><img loading=\"lazy\" decoding=\"async\" class=\"aligncenter wp-image-61 size-large\" src=\"https:\/\/revoltcomic.com\/wp-content\/uploads\/2023\/05\/just11-1024x340.png\" alt=\"\" width=\"1024\" height=\"340\" srcset=\"https:\/\/revoltcomic.com\/wp-content\/uploads\/2023\/05\/just11-1024x340.png 1024w, https:\/\/revoltcomic.com\/wp-content\/uploads\/2023\/05\/just11-300x100.png 300w, https:\/\/revoltcomic.com\/wp-content\/uploads\/2023\/05\/just11-768x255.png 768w, https:\/\/revoltcomic.com\/wp-content\/uploads\/2023\/05\/just11-390x129.png 390w, https:\/\/revoltcomic.com\/wp-content\/uploads\/2023\/05\/just11-1140x378.png 1140w, https:\/\/revoltcomic.com\/wp-content\/uploads\/2023\/05\/just11.png 1148w\" sizes=\"auto, (max-width: 1024px) 100vw, 1024px\" \/><\/p>\n<p><u><b><i>3.- Abordar aspectos sobre la injusticia social. Opresi\u00f3n y c\u00f3mo esta opera institucional y culturalmente.<\/i><\/b><\/u><\/p>\n<p>El di\u00e1logo y debate respecto al tema de las injusticias sociales que surgen, se manifiestan y se exteriorizan mediante la comunicaci\u00f3n y debate grupal. La forma en que el gobierno opera a nivel institucional asume la inconsecuencia metodol\u00f3gica y de acci\u00f3n frente a las pol\u00edticas generales versus las necesidades reales de la poblaci\u00f3n chilena. Parte de la cultura nacional se basa en las comunicaciones y la forma en que el periodismo oficialista se hace cargo no cumple con las demandas de informaci\u00f3n ver\u00eddica por parte de la comunidad. Desde esta problem\u00e1tica surge la necesidad de contar la realidad mediante una contranarrativa pertinente, did\u00e1ctica y atractiva, que genere un impacto asertivo en el p\u00fablico desde el trabajo social art\u00edstico del taller de c\u00f3mic.<\/p>\n<p><img loading=\"lazy\" decoding=\"async\" class=\"aligncenter wp-image-62 size-large\" src=\"https:\/\/revoltcomic.com\/wp-content\/uploads\/2023\/05\/just12-1024x294.png\" alt=\"\" width=\"1024\" height=\"294\" srcset=\"https:\/\/revoltcomic.com\/wp-content\/uploads\/2023\/05\/just12-1024x294.png 1024w, https:\/\/revoltcomic.com\/wp-content\/uploads\/2023\/05\/just12-300x86.png 300w, https:\/\/revoltcomic.com\/wp-content\/uploads\/2023\/05\/just12-768x220.png 768w, https:\/\/revoltcomic.com\/wp-content\/uploads\/2023\/05\/just12-1536x440.png 1536w, https:\/\/revoltcomic.com\/wp-content\/uploads\/2023\/05\/just12-2048x587.png 2048w, https:\/\/revoltcomic.com\/wp-content\/uploads\/2023\/05\/just12-390x112.png 390w, https:\/\/revoltcomic.com\/wp-content\/uploads\/2023\/05\/just12-1140x327.png 1140w\" sizes=\"auto, (max-width: 1024px) 100vw, 1024px\" \/><\/p>\n<p><u><b><i>4.- Estudiar el movimiento social.<\/i><\/b><\/u><\/p>\n<p>Parte del trabajo inicial consisti\u00f3 en comprender la realidad frente a la contingencia del estallido social y levantar informaci\u00f3n en base a periodismo desde todos sus frentes (prensa oficialista, prensa alternativa, RRSS). Se analizaron de igual manera publicaciones gr\u00e1ficas del tipo fanzine, revista de c\u00f3mic, c\u00f3mic strip y memes que tomen el tema de la pol\u00edtica como base y que desarrollen ideas de justicia social. Tambi\u00e9n se analiz\u00f3 la interioridad de cada participante del taller, con sus experiencias propias y experiencias cercanas lo cual transmut\u00f3 en guiones narrados mediante el lenguaje del c\u00f3mic.<\/p>\n<p><img loading=\"lazy\" decoding=\"async\" class=\"aligncenter wp-image-63 size-full\" src=\"https:\/\/revoltcomic.com\/wp-content\/uploads\/2023\/05\/just13.png\" alt=\"\" width=\"898\" height=\"300\" srcset=\"https:\/\/revoltcomic.com\/wp-content\/uploads\/2023\/05\/just13.png 898w, https:\/\/revoltcomic.com\/wp-content\/uploads\/2023\/05\/just13-300x100.png 300w, https:\/\/revoltcomic.com\/wp-content\/uploads\/2023\/05\/just13-768x257.png 768w, https:\/\/revoltcomic.com\/wp-content\/uploads\/2023\/05\/just13-390x130.png 390w\" sizes=\"auto, (max-width: 898px) 100vw, 898px\" \/><\/p>\n<p><u><b><i>5.- Sensibilizar a la comunidad. Agentes de cambio.<\/i><\/b><\/u><\/p>\n<p>Mediante la revista de c\u00f3mic resultante se logr\u00f3 expresar el pensamiento de los artistas y guionistas respecto al estallido social. Las ideas relatadas gr\u00e1ficamente eran el reflejo de las inquietudes y expresiones, no solo de los desarrolladores de la publicaci\u00f3n, sino tambi\u00e9n parte de las ideas que surgieron en el debate por parte de los estudiantes en general respecto al tema. La empat\u00eda y la sensibilizaci\u00f3n tomaron matices que viajaron desde la seriedad del estallido social hasta el humor de situaciones acontecidas d\u00e1ndole un connotaci\u00f3n flexible al apartado emocional del fanzine. Los integrantes del taller lograron comprender que el llamado a la acci\u00f3n social y el concretar mediante el arte y el dise\u00f1o los transformaba en agentes de cambio en pro de las acciones colectivas que mejoran realidades.<\/p>\n<p><img loading=\"lazy\" decoding=\"async\" class=\"aligncenter wp-image-60 size-full\" src=\"https:\/\/revoltcomic.com\/wp-content\/uploads\/2023\/05\/just14.png\" alt=\"\" width=\"836\" height=\"301\" srcset=\"https:\/\/revoltcomic.com\/wp-content\/uploads\/2023\/05\/just14.png 836w, https:\/\/revoltcomic.com\/wp-content\/uploads\/2023\/05\/just14-300x108.png 300w, https:\/\/revoltcomic.com\/wp-content\/uploads\/2023\/05\/just14-768x277.png 768w, https:\/\/revoltcomic.com\/wp-content\/uploads\/2023\/05\/just14-390x140.png 390w\" sizes=\"auto, (max-width: 836px) 100vw, 836px\" \/><\/p>\n<p><u><b><i>6.- Pasar a la acci\u00f3n social<\/i><\/b><\/u><u><b><i>.<\/i><\/b><\/u><\/p>\n<p>Los fanzines han tenido un tirajes amplios que se han distribuido en exposiciones en el Museo del Estallido Social MES y en la Universidad Metropolitana de Ciencias de la Educaci\u00f3n UMCE, tambi\u00e9n se han masificado entre los participantes y personas interesadas en la publicaci\u00f3n. Actualmente tenemos las versiones online en el sitio oficial de <a href=\"http:\/\/www.revoltcomic.com\/\">REVOLT COMIC<\/a> y estamos proyectando a una publicaci\u00f3n de libro de bolsillo y exposici\u00f3n en galer\u00eda virtual.<\/p>\n<div id=\"attachment_25\" style=\"width: 1034px\" class=\"wp-caption aligncenter\"><img loading=\"lazy\" decoding=\"async\" aria-describedby=\"caption-attachment-25\" class=\"wp-image-25 size-large\" src=\"https:\/\/revoltcomic.com\/wp-content\/uploads\/2023\/04\/fachada-GAM_SPLASH_WEB-1024x493.png\" alt=\"Fachada GAM 2019 por Isabella Ponce\" width=\"1024\" height=\"493\" srcset=\"https:\/\/revoltcomic.com\/wp-content\/uploads\/2023\/04\/fachada-GAM_SPLASH_WEB-1024x493.png 1024w, https:\/\/revoltcomic.com\/wp-content\/uploads\/2023\/04\/fachada-GAM_SPLASH_WEB-300x144.png 300w, https:\/\/revoltcomic.com\/wp-content\/uploads\/2023\/04\/fachada-GAM_SPLASH_WEB-768x370.png 768w, https:\/\/revoltcomic.com\/wp-content\/uploads\/2023\/04\/fachada-GAM_SPLASH_WEB-390x188.png 390w, https:\/\/revoltcomic.com\/wp-content\/uploads\/2023\/04\/fachada-GAM_SPLASH_WEB-1140x549.png 1140w, https:\/\/revoltcomic.com\/wp-content\/uploads\/2023\/04\/fachada-GAM_SPLASH_WEB.png 1518w\" sizes=\"auto, (max-width: 1024px) 100vw, 1024px\" \/><p id=\"caption-attachment-25\" class=\"wp-caption-text\">Fachada GAM 2019 por Isabella Ponce<\/p><\/div>\n<p>&nbsp;<\/p>\n<p>Fuente<\/p>\n<p>Universidad Aut\u00f3noma de Madrid Facultad de Formaci\u00f3n de Profesorado y Educaci\u00f3n (2022). Educaci\u00f3n Art\u00edstica para la Justicia Social.<\/p>\n<p><u><a href=\"http:\/\/www.gice-uam.es\/educacion-artistica-para-la-justicia-social\/\">http:\/\/www.gice-uam.es\/educacion-artistica-para-la-justicia-social\/<\/a><\/u><\/p>\n","protected":false},"excerpt":{"rendered":"<p>A partir del estallido social del 18 \u2013 O en el a\u00f1o 2019 se genera la instancia creativa de un Taller de C\u00f3mic con aires de colectivo art\u00edstico y en el cual participaron estudiantes de las carreras de Dise\u00f1o en Comunicaci\u00f3n Visual y Dise\u00f1o Industrial de la Universidad Tecnol\u00f3gica Metropolitana UTEM. El objetivo general del proyecto era crear una publicaci\u00f3n del tipo fanzine de c\u00f3mic o revista de bajo presupuesto para expresar la interioridad de los artistas del guion y gr\u00e1fica frente a la&hellip;<\/p>\n","protected":false},"author":1,"featured_media":63,"comment_status":"open","ping_status":"open","sticky":false,"template":"","format":"standard","meta":{"footnotes":""},"categories":[5,14,3,15,7,4,16,13,8,10,12,9,11,6,1,17,18],"tags":[],"class_list":["post-51","post","type-post","status-publish","format-standard","has-post-thumbnail","hentry","category-arte","category-arte-contemporaneo","category-comic","category-contingencia","category-digital","category-expo","category-expresion","category-fanzine","category-ink","category-museografia","category-museography","category-museologia","category-museology","category-tinta","category-uncategorized","category-universidad","category-university"],"_links":{"self":[{"href":"https:\/\/revoltcomic.com\/index.php\/wp-json\/wp\/v2\/posts\/51","targetHints":{"allow":["GET"]}}],"collection":[{"href":"https:\/\/revoltcomic.com\/index.php\/wp-json\/wp\/v2\/posts"}],"about":[{"href":"https:\/\/revoltcomic.com\/index.php\/wp-json\/wp\/v2\/types\/post"}],"author":[{"embeddable":true,"href":"https:\/\/revoltcomic.com\/index.php\/wp-json\/wp\/v2\/users\/1"}],"replies":[{"embeddable":true,"href":"https:\/\/revoltcomic.com\/index.php\/wp-json\/wp\/v2\/comments?post=51"}],"version-history":[{"count":13,"href":"https:\/\/revoltcomic.com\/index.php\/wp-json\/wp\/v2\/posts\/51\/revisions"}],"predecessor-version":[{"id":85,"href":"https:\/\/revoltcomic.com\/index.php\/wp-json\/wp\/v2\/posts\/51\/revisions\/85"}],"wp:featuredmedia":[{"embeddable":true,"href":"https:\/\/revoltcomic.com\/index.php\/wp-json\/wp\/v2\/media\/63"}],"wp:attachment":[{"href":"https:\/\/revoltcomic.com\/index.php\/wp-json\/wp\/v2\/media?parent=51"}],"wp:term":[{"taxonomy":"category","embeddable":true,"href":"https:\/\/revoltcomic.com\/index.php\/wp-json\/wp\/v2\/categories?post=51"},{"taxonomy":"post_tag","embeddable":true,"href":"https:\/\/revoltcomic.com\/index.php\/wp-json\/wp\/v2\/tags?post=51"}],"curies":[{"name":"wp","href":"https:\/\/api.w.org\/{rel}","templated":true}]}}