{"id":197,"date":"2023-11-12T11:47:54","date_gmt":"2023-11-12T11:47:54","guid":{"rendered":"https:\/\/revoltcomic.com\/?p=197"},"modified":"2024-04-07T11:51:10","modified_gmt":"2024-04-07T11:51:10","slug":"colectivo-revolt-en-la-feria-kontrabando-2023","status":"publish","type":"post","link":"https:\/\/revoltcomic.com\/index.php\/2023\/11\/12\/colectivo-revolt-en-la-feria-kontrabando-2023\/","title":{"rendered":"Colectivo REVOLT en la feria KONTRABANDO 2023"},"content":{"rendered":"<p>El pasado 11 y 12 de noviembre de 2023 estuvimos en la Feria Kontrabando, efectuada en el estadio V\u00edctor Jara. El Colectivo Revolt, representado por Alejandra Veloso, Francisco Serey y, quien les habla, Francisco Pino S\u00e1ez, tuvo su peque\u00f1o stand con fanzines de \u00abLa Asamblea del C\u00f3mic Constituyente\u00bb y productos varios. Con sus tres n\u00fameros a la fecha\u00a0<a href=\"https:\/\/revoltcomic.com\/index.php\/2019\/12\/01\/adcc-n-01-estallido-social-y-taller-colectivo-creativo\/\" target=\"_blank\" rel=\"noopener\"><em>Estallido Social<\/em><\/a>,\u00a0<a href=\"https:\/\/revoltcomic.com\/index.php\/2019\/12\/01\/adcc-n02-la-pandemia-y-taller-colectivo-creativo\/\" target=\"_blank\" rel=\"noopener\"><em>Solo el pueblo ayuda el pueblo durante la pandemia<\/em><\/a>\u00a0y\u00a0<a href=\"https:\/\/revoltcomic.com\/index.php\/2019\/12\/01\/adcc-n-03-el-voto-se-piensa-y-taller-colectivo-creativo\/\" target=\"_blank\" rel=\"noopener\"><em>El voto se piensa <\/em><\/a>\u00a0el fanzine causo bastante inter\u00e9s, tanto por los colegas artistas visuales que llegaban al stand como por el p\u00fablico en general.<\/p>\n<p><img loading=\"lazy\" decoding=\"async\" class=\"aligncenter wp-image-291 size-full\" src=\"https:\/\/revoltcomic.com\/wp-content\/uploads\/2024\/04\/WhatsApp-Image-2024-01-16-at-18.59.36.jpeg\" alt=\"\" width=\"1600\" height=\"1154\" srcset=\"https:\/\/revoltcomic.com\/wp-content\/uploads\/2024\/04\/WhatsApp-Image-2024-01-16-at-18.59.36.jpeg 1600w, https:\/\/revoltcomic.com\/wp-content\/uploads\/2024\/04\/WhatsApp-Image-2024-01-16-at-18.59.36-300x216.jpeg 300w, https:\/\/revoltcomic.com\/wp-content\/uploads\/2024\/04\/WhatsApp-Image-2024-01-16-at-18.59.36-1024x739.jpeg 1024w, https:\/\/revoltcomic.com\/wp-content\/uploads\/2024\/04\/WhatsApp-Image-2024-01-16-at-18.59.36-768x554.jpeg 768w, https:\/\/revoltcomic.com\/wp-content\/uploads\/2024\/04\/WhatsApp-Image-2024-01-16-at-18.59.36-1536x1108.jpeg 1536w, https:\/\/revoltcomic.com\/wp-content\/uploads\/2024\/04\/WhatsApp-Image-2024-01-16-at-18.59.36-390x281.jpeg 390w, https:\/\/revoltcomic.com\/wp-content\/uploads\/2024\/04\/WhatsApp-Image-2024-01-16-at-18.59.36-1140x822.jpeg 1140w\" sizes=\"auto, (max-width: 1600px) 100vw, 1600px\" \/><\/p>\n<p>De la mano de nuestros artistas @sry_art13 y @usingo_dire_art damos un sincero homenaje a Joan y V\u00edctor Jara \u2764<\/p>\n<p>Un momento verdaderamente emotivo y sublime fue el que pudimos presenciar en la \u00faltima entrega de la @feria_kontrabando el domingo 12 de Noviembre. Mientras la m\u00fasica y el carnaval despertaban a la gigantesca @marionetavictorjara c\u00f3mo acto final de la jornada, probablemente Joan Jara cerraba sus ojos y dejaba este mundo despu\u00e9s de luchar toda una vida buscando justicia.<\/p>\n<p>La vida tanto de V\u00edctor como de Joan se ha convertido ahora en una leyenda, en una historia que merece ser contada y recordada, no solo por el dolor y el sufrimiento por el que atravesaron, sino tambi\u00e9n por su legado cultural y su autenticidad como individuos comprometidos con su filosof\u00eda y manera de ver la vida y el arte.<\/p>\n<p><img loading=\"lazy\" decoding=\"async\" class=\"aligncenter wp-image-288 size-full\" src=\"https:\/\/revoltcomic.com\/wp-content\/uploads\/2024\/04\/victor2_.png\" alt=\"\" width=\"4944\" height=\"3508\" srcset=\"https:\/\/revoltcomic.com\/wp-content\/uploads\/2024\/04\/victor2_.png 4944w, https:\/\/revoltcomic.com\/wp-content\/uploads\/2024\/04\/victor2_-300x213.png 300w, https:\/\/revoltcomic.com\/wp-content\/uploads\/2024\/04\/victor2_-1024x727.png 1024w, https:\/\/revoltcomic.com\/wp-content\/uploads\/2024\/04\/victor2_-768x545.png 768w, https:\/\/revoltcomic.com\/wp-content\/uploads\/2024\/04\/victor2_-1536x1090.png 1536w, https:\/\/revoltcomic.com\/wp-content\/uploads\/2024\/04\/victor2_-2048x1453.png 2048w, https:\/\/revoltcomic.com\/wp-content\/uploads\/2024\/04\/victor2_-390x277.png 390w, https:\/\/revoltcomic.com\/wp-content\/uploads\/2024\/04\/victor2_-1140x809.png 1140w\" sizes=\"auto, (max-width: 4944px) 100vw, 4944px\" \/><\/p>\n<p>#victorjara #joanjara #feriakontrabando #revoltcomic #comic #arte #artecontempor\u00e1neo #expresi\u00f3n #tributo #homenaje #libertad #justicia #todos juntos<\/p>\n<p style=\"text-align: center;\">GALER\u00cdA<\/p>\n\n\t\t<style type=\"text\/css\">\n\t\t\t#gallery-1 {\n\t\t\t\tmargin: auto;\n\t\t\t}\n\t\t\t#gallery-1 .gallery-item {\n\t\t\t\tfloat: left;\n\t\t\t\tmargin-top: 10px;\n\t\t\t\ttext-align: center;\n\t\t\t\twidth: 50%;\n\t\t\t}\n\t\t\t#gallery-1 img {\n\t\t\t\tborder: 2px solid #cfcfcf;\n\t\t\t}\n\t\t\t#gallery-1 .gallery-caption {\n\t\t\t\tmargin-left: 0;\n\t\t\t}\n\t\t\t\/* see gallery_shortcode() in wp-includes\/media.php *\/\n\t\t<\/style>\n\t\t<div id='gallery-1' class='gallery galleryid-197 gallery-columns-2 gallery-size-full'><dl class='gallery-item'>\n\t\t\t<dt class='gallery-icon landscape'>\n\t\t\t\t<a href='https:\/\/revoltcomic.com\/wp-content\/uploads\/2024\/04\/FK14.jpg'><img loading=\"lazy\" decoding=\"async\" width=\"1080\" height=\"566\" src=\"https:\/\/revoltcomic.com\/wp-content\/uploads\/2024\/04\/FK14.jpg\" class=\"attachment-full size-full\" alt=\"\" srcset=\"https:\/\/revoltcomic.com\/wp-content\/uploads\/2024\/04\/FK14.jpg 1080w, https:\/\/revoltcomic.com\/wp-content\/uploads\/2024\/04\/FK14-300x157.jpg 300w, https:\/\/revoltcomic.com\/wp-content\/uploads\/2024\/04\/FK14-1024x537.jpg 1024w, https:\/\/revoltcomic.com\/wp-content\/uploads\/2024\/04\/FK14-768x402.jpg 768w, https:\/\/revoltcomic.com\/wp-content\/uploads\/2024\/04\/FK14-390x204.jpg 390w\" sizes=\"auto, (max-width: 1080px) 100vw, 1080px\" \/><\/a>\n\t\t\t<\/dt><\/dl><dl class='gallery-item'>\n\t\t\t<dt class='gallery-icon landscape'>\n\t\t\t\t<a href='https:\/\/revoltcomic.com\/wp-content\/uploads\/2024\/04\/FK11.jpg'><img loading=\"lazy\" decoding=\"async\" width=\"1080\" height=\"566\" src=\"https:\/\/revoltcomic.com\/wp-content\/uploads\/2024\/04\/FK11.jpg\" class=\"attachment-full size-full\" alt=\"\" srcset=\"https:\/\/revoltcomic.com\/wp-content\/uploads\/2024\/04\/FK11.jpg 1080w, https:\/\/revoltcomic.com\/wp-content\/uploads\/2024\/04\/FK11-300x157.jpg 300w, https:\/\/revoltcomic.com\/wp-content\/uploads\/2024\/04\/FK11-1024x537.jpg 1024w, https:\/\/revoltcomic.com\/wp-content\/uploads\/2024\/04\/FK11-768x402.jpg 768w, https:\/\/revoltcomic.com\/wp-content\/uploads\/2024\/04\/FK11-390x204.jpg 390w\" sizes=\"auto, (max-width: 1080px) 100vw, 1080px\" \/><\/a>\n\t\t\t<\/dt><\/dl><br style=\"clear: both\" \/><dl class='gallery-item'>\n\t\t\t<dt class='gallery-icon landscape'>\n\t\t\t\t<a href='https:\/\/revoltcomic.com\/wp-content\/uploads\/2024\/04\/FK13.jpg'><img loading=\"lazy\" decoding=\"async\" width=\"1080\" height=\"566\" src=\"https:\/\/revoltcomic.com\/wp-content\/uploads\/2024\/04\/FK13.jpg\" class=\"attachment-full size-full\" alt=\"\" srcset=\"https:\/\/revoltcomic.com\/wp-content\/uploads\/2024\/04\/FK13.jpg 1080w, https:\/\/revoltcomic.com\/wp-content\/uploads\/2024\/04\/FK13-300x157.jpg 300w, https:\/\/revoltcomic.com\/wp-content\/uploads\/2024\/04\/FK13-1024x537.jpg 1024w, https:\/\/revoltcomic.com\/wp-content\/uploads\/2024\/04\/FK13-768x402.jpg 768w, https:\/\/revoltcomic.com\/wp-content\/uploads\/2024\/04\/FK13-390x204.jpg 390w\" sizes=\"auto, (max-width: 1080px) 100vw, 1080px\" \/><\/a>\n\t\t\t<\/dt><\/dl><dl class='gallery-item'>\n\t\t\t<dt class='gallery-icon landscape'>\n\t\t\t\t<a href='https:\/\/revoltcomic.com\/wp-content\/uploads\/2024\/04\/FK12.jpg'><img loading=\"lazy\" decoding=\"async\" width=\"1080\" height=\"566\" src=\"https:\/\/revoltcomic.com\/wp-content\/uploads\/2024\/04\/FK12.jpg\" class=\"attachment-full size-full\" alt=\"\" srcset=\"https:\/\/revoltcomic.com\/wp-content\/uploads\/2024\/04\/FK12.jpg 1080w, https:\/\/revoltcomic.com\/wp-content\/uploads\/2024\/04\/FK12-300x157.jpg 300w, https:\/\/revoltcomic.com\/wp-content\/uploads\/2024\/04\/FK12-1024x537.jpg 1024w, https:\/\/revoltcomic.com\/wp-content\/uploads\/2024\/04\/FK12-768x402.jpg 768w, https:\/\/revoltcomic.com\/wp-content\/uploads\/2024\/04\/FK12-390x204.jpg 390w\" sizes=\"auto, (max-width: 1080px) 100vw, 1080px\" \/><\/a>\n\t\t\t<\/dt><\/dl><br style=\"clear: both\" \/><dl class='gallery-item'>\n\t\t\t<dt class='gallery-icon portrait'>\n\t\t\t\t<a href='https:\/\/revoltcomic.com\/wp-content\/uploads\/2024\/04\/FK16.jpg'><img loading=\"lazy\" decoding=\"async\" width=\"566\" height=\"1080\" src=\"https:\/\/revoltcomic.com\/wp-content\/uploads\/2024\/04\/FK16.jpg\" class=\"attachment-full size-full\" alt=\"\" srcset=\"https:\/\/revoltcomic.com\/wp-content\/uploads\/2024\/04\/FK16.jpg 566w, https:\/\/revoltcomic.com\/wp-content\/uploads\/2024\/04\/FK16-157x300.jpg 157w, https:\/\/revoltcomic.com\/wp-content\/uploads\/2024\/04\/FK16-537x1024.jpg 537w, https:\/\/revoltcomic.com\/wp-content\/uploads\/2024\/04\/FK16-390x744.jpg 390w\" sizes=\"auto, (max-width: 566px) 100vw, 566px\" \/><\/a>\n\t\t\t<\/dt><\/dl><dl class='gallery-item'>\n\t\t\t<dt class='gallery-icon portrait'>\n\t\t\t\t<a href='https:\/\/revoltcomic.com\/wp-content\/uploads\/2024\/04\/FK15.jpg'><img loading=\"lazy\" decoding=\"async\" width=\"566\" height=\"1080\" src=\"https:\/\/revoltcomic.com\/wp-content\/uploads\/2024\/04\/FK15.jpg\" class=\"attachment-full size-full\" alt=\"\" srcset=\"https:\/\/revoltcomic.com\/wp-content\/uploads\/2024\/04\/FK15.jpg 566w, https:\/\/revoltcomic.com\/wp-content\/uploads\/2024\/04\/FK15-157x300.jpg 157w, https:\/\/revoltcomic.com\/wp-content\/uploads\/2024\/04\/FK15-537x1024.jpg 537w, https:\/\/revoltcomic.com\/wp-content\/uploads\/2024\/04\/FK15-390x744.jpg 390w\" sizes=\"auto, (max-width: 566px) 100vw, 566px\" \/><\/a>\n\t\t\t<\/dt><\/dl><br style=\"clear: both\" \/>\n\t\t<\/div>\n\n","protected":false},"excerpt":{"rendered":"<p>El pasado 11 y 12 de noviembre de 2023 estuvimos en la Feria Kontrabando, efectuada en el estadio V\u00edctor Jara. El Colectivo Revolt, representado por Alejandra Veloso, Francisco Serey y, quien les habla, Francisco Pino S\u00e1ez, tuvo su peque\u00f1o stand con fanzines de \u00abLa Asamblea del C\u00f3mic Constituyente\u00bb y productos varios. Con sus tres n\u00fameros a la fecha\u00a0Estallido Social,\u00a0Solo el pueblo ayuda el pueblo durante la pandemia\u00a0y\u00a0El voto se piensa \u00a0el fanzine causo bastante inter\u00e9s, tanto por los colegas artistas visuales que llegaban al&hellip;<\/p>\n","protected":false},"author":1,"featured_media":295,"comment_status":"open","ping_status":"open","sticky":false,"template":"","format":"standard","meta":{"footnotes":""},"categories":[5,14,3,15,7,16,13,28,8,6],"tags":[21,31,29,30,27],"class_list":["post-197","post","type-post","status-publish","format-standard","has-post-thumbnail","hentry","category-arte","category-arte-contemporaneo","category-comic","category-contingencia","category-digital","category-expresion","category-fanzine","category-feria","category-ink","category-tinta","tag-comic","tag-fanzine","tag-feria","tag-kontrabando","tag-revolt"],"_links":{"self":[{"href":"https:\/\/revoltcomic.com\/index.php\/wp-json\/wp\/v2\/posts\/197","targetHints":{"allow":["GET"]}}],"collection":[{"href":"https:\/\/revoltcomic.com\/index.php\/wp-json\/wp\/v2\/posts"}],"about":[{"href":"https:\/\/revoltcomic.com\/index.php\/wp-json\/wp\/v2\/types\/post"}],"author":[{"embeddable":true,"href":"https:\/\/revoltcomic.com\/index.php\/wp-json\/wp\/v2\/users\/1"}],"replies":[{"embeddable":true,"href":"https:\/\/revoltcomic.com\/index.php\/wp-json\/wp\/v2\/comments?post=197"}],"version-history":[{"count":6,"href":"https:\/\/revoltcomic.com\/index.php\/wp-json\/wp\/v2\/posts\/197\/revisions"}],"predecessor-version":[{"id":299,"href":"https:\/\/revoltcomic.com\/index.php\/wp-json\/wp\/v2\/posts\/197\/revisions\/299"}],"wp:featuredmedia":[{"embeddable":true,"href":"https:\/\/revoltcomic.com\/index.php\/wp-json\/wp\/v2\/media\/295"}],"wp:attachment":[{"href":"https:\/\/revoltcomic.com\/index.php\/wp-json\/wp\/v2\/media?parent=197"}],"wp:term":[{"taxonomy":"category","embeddable":true,"href":"https:\/\/revoltcomic.com\/index.php\/wp-json\/wp\/v2\/categories?post=197"},{"taxonomy":"post_tag","embeddable":true,"href":"https:\/\/revoltcomic.com\/index.php\/wp-json\/wp\/v2\/tags?post=197"}],"curies":[{"name":"wp","href":"https:\/\/api.w.org\/{rel}","templated":true}]}}